{"id":159,"date":"2023-03-07T21:29:54","date_gmt":"2023-03-07T21:29:54","guid":{"rendered":"https:\/\/www.homeopathiepascaldumas.com\/?p=159"},"modified":"2025-09-07T17:41:15","modified_gmt":"2025-09-07T15:41:15","slug":"cas-de-post-covid-lointain","status":"publish","type":"post","link":"https:\/\/homeopathiepascaldumas.com\/accueil-nouveau\/cas-de-post-covid-lointain\/","title":{"rendered":"Cas de Post Covid lointain"},"content":{"rendered":"\t\t<div data-elementor-type=\"wp-post\" data-elementor-id=\"159\" class=\"elementor elementor-159\" data-elementor-post-type=\"post\">\n\t\t\t\t\t\t<section class=\"elementor-section elementor-top-section elementor-element elementor-element-0cc4c7a elementor-section-boxed elementor-section-height-default elementor-section-height-default\" data-id=\"0cc4c7a\" data-element_type=\"section\" data-e-type=\"section\">\n\t\t\t\t\t\t<div class=\"elementor-container elementor-column-gap-default\">\n\t\t\t\t\t<div class=\"elementor-column elementor-col-100 elementor-top-column elementor-element elementor-element-7e995cf\" data-id=\"7e995cf\" data-element_type=\"column\" data-e-type=\"column\">\n\t\t\t<div class=\"elementor-widget-wrap elementor-element-populated\">\n\t\t\t\t\t\t<div class=\"elementor-element elementor-element-ed58d13 elementor-widget elementor-widget-text-editor\" data-id=\"ed58d13\" data-element_type=\"widget\" data-e-type=\"widget\" data-widget_type=\"text-editor.default\">\n\t\t\t\t<div class=\"elementor-widget-container\">\n\t\t\t\t\t\t\t\t\tLe 11 septembre 2022, je fais une consultation avec Carolyn, qui r\u00e9side au canada anglophone. Depuis plus de 7 ans maintenant, je fais des consultations en ligne, dans le monde entier.\n\nElle a depuis depuis une atteinte covid, survenant quelques mois auparavant, une perte de go\u00fbt persistance, une perte d&#8217;odorat qui perdure et surtout 2 choses qui la g\u00eanent intens\u00e9ment.\n\nElle a comme un go\u00fbt de pourri en bouche, comme un go\u00fbt d&#8217;\u00e9gout et et ne supporte plus les odeurs de cuisine.\n\nAfin d&#8217;\u00e9tayer ma recherche de rem\u00e8de, je lui pose des questions quant \u00e0 sa psych\u00e9 et apprends qu&#8217;elle n&#8217;aime pas \u00eatre dans la foule.\n\nElle n&#8217;aime pas les endroits confin\u00e9s et pr\u00e9f\u00e8re demeurer seule, tranquille plut\u00f4t qu&#8217;en compagnies humaines.\n\nPourquoi rechercher des signes psychiques dans le cadre d&#8217;une gestion post-covid, me direz-vous ?\n\nPour plusieurs raisons en r\u00e9alit\u00e9 !\n\nLa premi\u00e8re est que bien que les sympt\u00f4mes d&#8217;appel de la personne soient seulement physiques (perte de go\u00fbt et d&#8217;odorat) cela survient chez un \u00eatre vivant &#8211; pensant. Donc il y aura toujours, dans la moindre perturbation du vivant, une r\u00e9percussion mentale, \u00e9motionnelle.\n\nEnsuite, une personne est caract\u00e9ris\u00e9e par ses \u00e9motions, son caract\u00e8re. Si je vous demande de me parler du caract\u00e8re de votre meilleur(e) amie(e), vous pourriez me dire pl\u00e9thore de renseignements sur son caract\u00e8re, les choses qu&#8217;il (elle) aime ou non, ses couleurs pr\u00e9f\u00e9r\u00e9es, ainsi de suite&#8230;\n\nCe sont des signes qui symbolisent une personne.\n\nLorsque j&#8217;aurai une id\u00e9e d&#8217;un rem\u00e8de concernant les signes physiques caract\u00e9ristiques de la personne qui mon consulte, il faut imp\u00e9rativement, que le rem\u00e8de choisi corresponde aux signes psychiques de la personne.\u00a0 C&#8217;est le moyen de savoir que le rem\u00e8de est bien adapt\u00e9e \u00e0 la personne&#8230;en profondeur.\n\nEt c&#8217;est ce qui donne toute force \u00e0 ce que l&#8217;on appelle l&#8217;individualisation, le fait de faire correspondre un rem\u00e8de sp\u00e9cifique \u00e0 une personne en particulier.\n\nLe rem\u00e8de prescrit \u00e0 Carolyn, ne fonctionnerait certainement pas chez une autre personne. Chaque cas est un microcosme particulier.\n\nRevenons \u00e0 Carolyn.\n\nJe fais la r\u00e9pertorisation suivante :\t\t\t\t\t\t\t\t<\/div>\n\t\t\t\t<\/div>\n\t\t\t\t\t<\/div>\n\t\t<\/div>\n\t\t\t\t\t<\/div>\n\t\t<\/section>\n\t\t\t\t<\/div>\n\t\t","protected":false},"excerpt":{"rendered":"<p>Le 11 septembre 2022, je fais une consultation avec Carolyn, qui r\u00e9side au canada anglophone. Depuis plus de 7 ans maintenant, je fais des consultations en ligne, dans le monde entier. Elle a depuis&#46;&#46;&#46;<\/p>\n","protected":false},"author":1,"featured_media":0,"comment_status":"open","ping_status":"open","sticky":false,"template":"elementor_canvas","format":"standard","meta":{"_jetpack_memberships_contains_paid_content":false,"footnotes":""},"categories":[1],"tags":[],"class_list":["post-159","post","type-post","status-publish","format-standard","hentry","category-uncategorized"],"jetpack_featured_media_url":"","jetpack_sharing_enabled":true,"_links":{"self":[{"href":"https:\/\/homeopathiepascaldumas.com\/accueil-nouveau\/wp-json\/wp\/v2\/posts\/159","targetHints":{"allow":["GET"]}}],"collection":[{"href":"https:\/\/homeopathiepascaldumas.com\/accueil-nouveau\/wp-json\/wp\/v2\/posts"}],"about":[{"href":"https:\/\/homeopathiepascaldumas.com\/accueil-nouveau\/wp-json\/wp\/v2\/types\/post"}],"author":[{"embeddable":true,"href":"https:\/\/homeopathiepascaldumas.com\/accueil-nouveau\/wp-json\/wp\/v2\/users\/1"}],"replies":[{"embeddable":true,"href":"https:\/\/homeopathiepascaldumas.com\/accueil-nouveau\/wp-json\/wp\/v2\/comments?post=159"}],"version-history":[{"count":4,"href":"https:\/\/homeopathiepascaldumas.com\/accueil-nouveau\/wp-json\/wp\/v2\/posts\/159\/revisions"}],"predecessor-version":[{"id":163,"href":"https:\/\/homeopathiepascaldumas.com\/accueil-nouveau\/wp-json\/wp\/v2\/posts\/159\/revisions\/163"}],"wp:attachment":[{"href":"https:\/\/homeopathiepascaldumas.com\/accueil-nouveau\/wp-json\/wp\/v2\/media?parent=159"}],"wp:term":[{"taxonomy":"category","embeddable":true,"href":"https:\/\/homeopathiepascaldumas.com\/accueil-nouveau\/wp-json\/wp\/v2\/categories?post=159"},{"taxonomy":"post_tag","embeddable":true,"href":"https:\/\/homeopathiepascaldumas.com\/accueil-nouveau\/wp-json\/wp\/v2\/tags?post=159"}],"curies":[{"name":"wp","href":"https:\/\/api.w.org\/{rel}","templated":true}]}}